{"id":2694,"date":"2023-06-05T04:51:55","date_gmt":"2023-06-05T02:51:55","guid":{"rendered":"https:\/\/hub.imt-atlantique.fr\/decart\/?p=2694"},"modified":"2024-02-19T02:56:41","modified_gmt":"2024-02-19T01:56:41","slug":"news_is_imt-is-a-member-of-the-alliance-eulis","status":"publish","type":"post","link":"https:\/\/hub.imt-atlantique.fr\/decart\/?p=2694&lang=is","title":{"rendered":"News_IS_IMT is a member of the alliance EULiS"},"content":{"rendered":"\t\t<div data-elementor-type=\"wp-post\" data-elementor-id=\"2694\" class=\"elementor elementor-2694\" data-elementor-post-type=\"post\">\n\t\t\t\t<div class=\"has_eae_slider elementor-element elementor-element-35d77eaf e-flex e-con-boxed e-con e-parent\" data-eae-slider=\"39049\" data-id=\"35d77eaf\" data-element_type=\"container\">\n\t\t\t\t\t<div class=\"e-con-inner\">\n\t\t<div class=\"has_eae_slider elementor-element elementor-element-7995c5d3 e-con-full e-flex e-con e-parent\" data-eae-slider=\"71671\" data-id=\"7995c5d3\" data-element_type=\"container\">\n\t\t<div class=\"has_eae_slider elementor-element elementor-element-61b922ed e-flex e-con-boxed e-con e-parent\" data-eae-slider=\"38547\" data-id=\"61b922ed\" data-element_type=\"container\">\n\t\t\t\t\t<div class=\"e-con-inner\">\n\t\t\t\t<div class=\"elementor-element elementor-element-729b7fb7 elementor-widget elementor-widget-heading\" data-id=\"729b7fb7\" data-element_type=\"widget\" data-widget_type=\"heading.default\">\n\t\t\t\t<div class=\"elementor-widget-container\">\n\t\t\t\t\t<h2 class=\"elementor-heading-title elementor-size-default\">IMT er a\u00f0ili a\u00f0 bandalaginu EULiS<\/h2>\t\t\t\t<\/div>\n\t\t\t\t<\/div>\n\t\t\t\t\t<\/div>\n\t\t\t\t<\/div>\n\t\t<div class=\"has_eae_slider elementor-element elementor-element-52415b35 e-flex e-con-boxed e-con e-parent\" data-eae-slider=\"94758\" data-id=\"52415b35\" data-element_type=\"container\">\n\t\t\t\t\t<div class=\"e-con-inner\">\n\t\t\t\t<div class=\"elementor-element elementor-element-706f4215 elementor-widget elementor-widget-image\" data-id=\"706f4215\" data-element_type=\"widget\" data-widget_type=\"image.default\">\n\t\t\t\t<div class=\"elementor-widget-container\">\n\t\t\t\t\t\t\t\t\t\t\t\t\t\t\t<img fetchpriority=\"high\" decoding=\"async\" width=\"1024\" height=\"766\" src=\"https:\/\/hub.imt-atlantique.fr\/decart\/wp-content\/uploads\/2023\/06\/20221021_EULiST_signature-tous.jpg\" class=\"attachment-full size-full wp-image-1037\" alt=\"\" \/>\t\t\t\t\t\t\t\t\t\t\t\t\t\t\t<\/div>\n\t\t\t\t<\/div>\n\t\t\t\t\t<\/div>\n\t\t\t\t<\/div>\n\t\t\t\t<div class=\"elementor-element elementor-element-1504cdfe elementor-widget elementor-widget-text-editor\" data-id=\"1504cdfe\" data-element_type=\"widget\" data-widget_type=\"text-editor.default\">\n\t\t\t\t<div class=\"elementor-widget-container\">\n\t\t\t\t\t\t\t\t\t<p>IMT er a\u00f0ili a\u00f0 bandalaginu EULiST, European Universities Linking Society and Technology, hluti af \u201eEuropean Universities\u201c frumkv\u00e6\u00f0inu<br \/>hleypt af stokkunum af framkv\u00e6mdastj\u00f3rn Evr\u00f3pusambandsins, til a\u00f0 n\u00fat\u00edmav\u00e6\u00f0a \u00e6\u00f0ri menntun \u00ed Evr\u00f3pu \u00e1 alhli\u00f0a og sj\u00e1lfb\u00e6ran h\u00e1tt. EULiST samstarfsa\u00f0ilarnir 10 g\u00e6tu bo\u00f0i\u00f0 upp \u00e1 eitthvert fr\u00e6\u00f0asvi\u00f0 um samanbur\u00f0 \u00e1 n\u00e1mskr\u00e1m, t\u00e6kif\u00e6ri fyrir DECART verkefni\u00f0 \u00ed n\u00e1inni framt\u00ed\u00f0. EULiST mi\u00f0ar a\u00f0 \u00fev\u00ed a\u00f0 \u00fer\u00f3a n\u00fdjar lausnir a\u00f0laga\u00f0ar vistfr\u00e6\u00f0ilegum umskiptum til a\u00f0 breg\u00f0ast vi\u00f0 helstu f\u00e9lags- og efnahagslegum \u00e1skorunum og byggja upp sj\u00e1lfb\u00e6ra framt\u00ed\u00f0 \u00e1samt sterkri \u00e1herslu \u00e1 t\u00e6kni \u00ed \u00fej\u00f3nustu samf\u00e9lagsins og umbreytingum \u00feess.<\/p><p><a href=\"https:\/\/www.imt.fr\/en\/institut-mines-telecom-member-of-the-eulist-consortium\/\">Institut Mines-T\u00e9l\u00e9com member of the EULiST consortium &#8211; IMT<\/a><\/p>\t\t\t\t\t\t\t\t<\/div>\n\t\t\t\t<\/div>\n\t\t\t\t<\/div>\n\t\t\t\t\t<\/div>\n\t\t\t\t<\/div>\n\t\t\t\t<\/div>\n\t\t","protected":false},"excerpt":{"rendered":"<p>IMT er a\u00f0ili a\u00f0 bandalaginu EULiS IMT er a\u00f0ili a\u00f0 bandalaginu EULiST, European Universities Linking Society and Technology, hluti af \u201eEuropean Universities\u201c frumkv\u00e6\u00f0inuhleypt af stokkunum af framkv\u00e6mdastj\u00f3rn Evr\u00f3pusambandsins, til a\u00f0 n\u00fat\u00edmav\u00e6\u00f0a \u00e6\u00f0ri menntun \u00ed Evr\u00f3pu \u00e1 alhli\u00f0a og sj\u00e1lfb\u00e6ran h\u00e1tt. EULiST samstarfsa\u00f0ilarnir 10 g\u00e6tu bo\u00f0i\u00f0 upp \u00e1 eitthvert fr\u00e6\u00f0asvi\u00f0 um samanbur\u00f0 \u00e1 n\u00e1mskr\u00e1m, t\u00e6kif\u00e6ri fyrir [&hellip;]<\/p>\n","protected":false},"author":6,"featured_media":1037,"comment_status":"open","ping_status":"open","sticky":false,"template":"elementor_header_footer","format":"standard","meta":{"_monsterinsights_skip_tracking":false,"_monsterinsights_sitenote_active":false,"_monsterinsights_sitenote_note":"","_monsterinsights_sitenote_category":0,"footnotes":""},"categories":[79],"tags":[],"class_list":["post-2694","post","type-post","status-publish","format-standard","has-post-thumbnail","hentry","category-news1_is"],"_links":{"self":[{"href":"https:\/\/hub.imt-atlantique.fr\/decart\/index.php?rest_route=\/wp\/v2\/posts\/2694","targetHints":{"allow":["GET"]}}],"collection":[{"href":"https:\/\/hub.imt-atlantique.fr\/decart\/index.php?rest_route=\/wp\/v2\/posts"}],"about":[{"href":"https:\/\/hub.imt-atlantique.fr\/decart\/index.php?rest_route=\/wp\/v2\/types\/post"}],"author":[{"embeddable":true,"href":"https:\/\/hub.imt-atlantique.fr\/decart\/index.php?rest_route=\/wp\/v2\/users\/6"}],"replies":[{"embeddable":true,"href":"https:\/\/hub.imt-atlantique.fr\/decart\/index.php?rest_route=%2Fwp%2Fv2%2Fcomments&post=2694"}],"version-history":[{"count":4,"href":"https:\/\/hub.imt-atlantique.fr\/decart\/index.php?rest_route=\/wp\/v2\/posts\/2694\/revisions"}],"predecessor-version":[{"id":2698,"href":"https:\/\/hub.imt-atlantique.fr\/decart\/index.php?rest_route=\/wp\/v2\/posts\/2694\/revisions\/2698"}],"wp:featuredmedia":[{"embeddable":true,"href":"https:\/\/hub.imt-atlantique.fr\/decart\/index.php?rest_route=\/wp\/v2\/media\/1037"}],"wp:attachment":[{"href":"https:\/\/hub.imt-atlantique.fr\/decart\/index.php?rest_route=%2Fwp%2Fv2%2Fmedia&parent=2694"}],"wp:term":[{"taxonomy":"category","embeddable":true,"href":"https:\/\/hub.imt-atlantique.fr\/decart\/index.php?rest_route=%2Fwp%2Fv2%2Fcategories&post=2694"},{"taxonomy":"post_tag","embeddable":true,"href":"https:\/\/hub.imt-atlantique.fr\/decart\/index.php?rest_route=%2Fwp%2Fv2%2Ftags&post=2694"}],"curies":[{"name":"wp","href":"https:\/\/api.w.org\/{rel}","templated":true}]}}