{"id":7034,"date":"2025-12-01T09:06:40","date_gmt":"2025-12-01T08:06:40","guid":{"rendered":"https:\/\/hub.imt-atlantique.fr\/decart\/?p=7034"},"modified":"2025-12-01T09:08:02","modified_gmt":"2025-12-01T08:08:02","slug":"diseminasi-hasil-proyek-decart-sesi-1-dengan-topik-cmp-sharing-mengenai-nomadic-curriculum-yang-merupakan-kerjasama-antara-it-del-dengan-ecole-nationale-mines-telecom-atlantique-bretagne-pays-de-l","status":"publish","type":"post","link":"https:\/\/hub.imt-atlantique.fr\/decart\/?p=7034","title":{"rendered":"Diseminasi Hasil proyek Decart sesi 1 dengan topik &#8220;CMP-Sharing mengenai Nomadic Curriculum&#8221; yang merupakan kerjasama antara IT Del dengan Ecole Nationale Mines-Telecom Atlantique Bretagne Pays de la Loire"},"content":{"rendered":"\t\t<div data-elementor-type=\"wp-post\" data-elementor-id=\"7034\" class=\"elementor elementor-7034\" data-elementor-post-type=\"post\">\n\t\t\t\t<div class=\"has_eae_slider elementor-element elementor-element-d3a6ed8 e-flex e-con-boxed e-con e-parent\" data-eae-slider=\"35049\" data-id=\"d3a6ed8\" data-element_type=\"container\">\n\t\t\t\t\t<div class=\"e-con-inner\">\n\t\t<div class=\"has_eae_slider elementor-element elementor-element-eab1761 e-con-full e-flex e-con e-child\" data-eae-slider=\"76635\" data-id=\"eab1761\" data-element_type=\"container\">\n\t\t<div class=\"has_eae_slider elementor-element elementor-element-da41a40 e-flex e-con-boxed e-con e-child\" data-eae-slider=\"23946\" data-id=\"da41a40\" data-element_type=\"container\">\n\t\t\t\t\t<div class=\"e-con-inner\">\n\t\t\t\t<div class=\"elementor-element elementor-element-f7cef77 elementor-widget elementor-widget-heading\" data-id=\"f7cef77\" data-element_type=\"widget\" data-widget_type=\"heading.default\">\n\t\t\t\t<div class=\"elementor-widget-container\">\n\t\t\t\t\t<h2 class=\"elementor-heading-title elementor-size-default\">Diseminasi Hasil proyek Decart sesi 1 dengan topik \"CMP-Sharing mengenai Nomadic Curriculum\" yang merupakan kerjasama antara IT Del dengan Ecole Nationale Mines-Telecom Atlantique Bretagne Pays de la Loire<\/h2>\t\t\t\t<\/div>\n\t\t\t\t<\/div>\n\t\t\t\t\t<\/div>\n\t\t\t\t<\/div>\n\t\t<div class=\"has_eae_slider elementor-element elementor-element-25e7737 e-flex e-con-boxed e-con e-child\" data-eae-slider=\"39723\" data-id=\"25e7737\" data-element_type=\"container\">\n\t\t\t\t\t<div class=\"e-con-inner\">\n\t\t<div class=\"has_eae_slider elementor-element elementor-element-b8e0bdc e-grid e-con-full e-con e-child\" data-eae-slider=\"52773\" data-id=\"b8e0bdc\" data-element_type=\"container\">\n\t\t\t\t<div class=\"elementor-element elementor-element-6c24f70 elementor-widget elementor-widget-image\" data-id=\"6c24f70\" data-element_type=\"widget\" data-widget_type=\"image.default\">\n\t\t\t\t<div class=\"elementor-widget-container\">\n\t\t\t\t\t\t\t\t\t\t\t\t\t\t\t<img fetchpriority=\"high\" decoding=\"async\" width=\"768\" height=\"512\" src=\"https:\/\/hub.imt-atlantique.fr\/decart\/wp-content\/uploads\/2025\/12\/IDG01720-768x512.jpg\" class=\"attachment-medium_large size-medium_large wp-image-7037\" alt=\"\" srcset=\"https:\/\/hub.imt-atlantique.fr\/decart\/wp-content\/uploads\/2025\/12\/IDG01720-768x512.jpg 768w, https:\/\/hub.imt-atlantique.fr\/decart\/wp-content\/uploads\/2025\/12\/IDG01720-300x200.jpg 300w, https:\/\/hub.imt-atlantique.fr\/decart\/wp-content\/uploads\/2025\/12\/IDG01720-1024x683.jpg 1024w, https:\/\/hub.imt-atlantique.fr\/decart\/wp-content\/uploads\/2025\/12\/IDG01720-1536x1024.jpg 1536w, https:\/\/hub.imt-atlantique.fr\/decart\/wp-content\/uploads\/2025\/12\/IDG01720-2048x1365.jpg 2048w\" sizes=\"(max-width: 768px) 100vw, 768px\" \/>\t\t\t\t\t\t\t\t\t\t\t\t\t\t\t<\/div>\n\t\t\t\t<\/div>\n\t\t\t\t<div class=\"elementor-element elementor-element-2197f65 elementor-widget elementor-widget-image\" data-id=\"2197f65\" data-element_type=\"widget\" data-widget_type=\"image.default\">\n\t\t\t\t<div class=\"elementor-widget-container\">\n\t\t\t\t\t\t\t\t\t\t\t\t\t\t\t<img decoding=\"async\" width=\"800\" height=\"534\" src=\"https:\/\/hub.imt-atlantique.fr\/decart\/wp-content\/uploads\/2025\/12\/IDG01727-1024x683.jpg\" class=\"attachment-large size-large wp-image-7035\" alt=\"\" srcset=\"https:\/\/hub.imt-atlantique.fr\/decart\/wp-content\/uploads\/2025\/12\/IDG01727-1024x683.jpg 1024w, https:\/\/hub.imt-atlantique.fr\/decart\/wp-content\/uploads\/2025\/12\/IDG01727-300x200.jpg 300w, https:\/\/hub.imt-atlantique.fr\/decart\/wp-content\/uploads\/2025\/12\/IDG01727-768x512.jpg 768w, https:\/\/hub.imt-atlantique.fr\/decart\/wp-content\/uploads\/2025\/12\/IDG01727-1536x1024.jpg 1536w, https:\/\/hub.imt-atlantique.fr\/decart\/wp-content\/uploads\/2025\/12\/IDG01727-2048x1365.jpg 2048w\" sizes=\"(max-width: 800px) 100vw, 800px\" \/>\t\t\t\t\t\t\t\t\t\t\t\t\t\t\t<\/div>\n\t\t\t\t<\/div>\n\t\t\t\t<\/div>\n\t\t\t\t<div class=\"elementor-element elementor-element-cac1048 elementor-widget elementor-widget-text-editor\" data-id=\"cac1048\" data-element_type=\"widget\" data-widget_type=\"text-editor.default\">\n\t\t\t\t<div class=\"elementor-widget-container\">\n\t\t\t\t\t\t\t\t\t<p data-path-to-node=\"2\">LPPM IT Del, in collaboration with \u00c9cole Nationale Mines-T\u00e9l\u00e9com Atlantique Bretagne Pays de la Loire (IMT Atlantique), France, is proud to highlight the progress of the DECART project (Designing Higher Education Curricula for Agility, Resilience, and Transformation). Funded by the European Union\u2019s Erasmus+ scheme, this multi-year initiative (2022\u20132025) represents a significant international Community Service (PkM) collaboration. The project brings together a global consortium, including Reykjavik University (Iceland), Vilnius University (Lithuania), the University of KwaZulu-Natal (South Africa), and RWTH Aachen University (Germany).<\/p><p data-path-to-node=\"3\">The primary objective of DECART is to develop robust frameworks and tools to guide the design and transformation of higher education curricula. By focusing on agility and resilience, the project aims to ensure that educational institutions can remain adaptive and effective amidst the challenges of the current VUCA (Volatility, Uncertainty, Complexity, Ambiguity) era. These tools are designed to empower educators to navigate an increasingly unpredictable global landscape.<\/p><p data-path-to-node=\"4\">As the project approaches its conclusion, the DECART team at LPPM IT Del, led by Dr. Arlinta Christy Barus, ST., M.InfoTech., organized a strategic dissemination activity on Wednesday, May 15, 2025. This first session featured a &#8220;CMP-Sharing&#8221; regarding the Nomadic Joint Curriculum, serving as a platform to share the project&#8217;s outcomes and discuss the practical application of these new educational models.<\/p>\t\t\t\t\t\t\t\t<\/div>\n\t\t\t\t<\/div>\n\t\t\t\t\t<\/div>\n\t\t\t\t<\/div>\n\t\t\t\t<\/div>\n\t\t\t\t\t<\/div>\n\t\t\t\t<\/div>\n\t\t\t\t<\/div>\n\t\t","protected":false},"excerpt":{"rendered":"<p>Diseminasi Hasil proyek Decart sesi 1 dengan topik &#8220;CMP-Sharing mengenai Nomadic Curriculum&#8221; yang merupakan kerjasama antara IT Del dengan Ecole Nationale Mines-Telecom Atlantique Bretagne Pays de la Loire LPPM IT Del, in collaboration with \u00c9cole Nationale Mines-T\u00e9l\u00e9com Atlantique Bretagne Pays de la Loire (IMT Atlantique), France, is proud to highlight the progress of the DECART [&hellip;]<\/p>\n","protected":false},"author":7,"featured_media":7036,"comment_status":"open","ping_status":"open","sticky":false,"template":"","format":"standard","meta":{"_monsterinsights_skip_tracking":false,"_monsterinsights_sitenote_active":false,"_monsterinsights_sitenote_note":"","_monsterinsights_sitenote_category":0,"footnotes":""},"categories":[11],"tags":[],"class_list":["post-7034","post","type-post","status-publish","format-standard","has-post-thumbnail","hentry","category-news"],"_links":{"self":[{"href":"https:\/\/hub.imt-atlantique.fr\/decart\/index.php?rest_route=\/wp\/v2\/posts\/7034","targetHints":{"allow":["GET"]}}],"collection":[{"href":"https:\/\/hub.imt-atlantique.fr\/decart\/index.php?rest_route=\/wp\/v2\/posts"}],"about":[{"href":"https:\/\/hub.imt-atlantique.fr\/decart\/index.php?rest_route=\/wp\/v2\/types\/post"}],"author":[{"embeddable":true,"href":"https:\/\/hub.imt-atlantique.fr\/decart\/index.php?rest_route=\/wp\/v2\/users\/7"}],"replies":[{"embeddable":true,"href":"https:\/\/hub.imt-atlantique.fr\/decart\/index.php?rest_route=%2Fwp%2Fv2%2Fcomments&post=7034"}],"version-history":[{"count":4,"href":"https:\/\/hub.imt-atlantique.fr\/decart\/index.php?rest_route=\/wp\/v2\/posts\/7034\/revisions"}],"predecessor-version":[{"id":7041,"href":"https:\/\/hub.imt-atlantique.fr\/decart\/index.php?rest_route=\/wp\/v2\/posts\/7034\/revisions\/7041"}],"wp:featuredmedia":[{"embeddable":true,"href":"https:\/\/hub.imt-atlantique.fr\/decart\/index.php?rest_route=\/wp\/v2\/media\/7036"}],"wp:attachment":[{"href":"https:\/\/hub.imt-atlantique.fr\/decart\/index.php?rest_route=%2Fwp%2Fv2%2Fmedia&parent=7034"}],"wp:term":[{"taxonomy":"category","embeddable":true,"href":"https:\/\/hub.imt-atlantique.fr\/decart\/index.php?rest_route=%2Fwp%2Fv2%2Fcategories&post=7034"},{"taxonomy":"post_tag","embeddable":true,"href":"https:\/\/hub.imt-atlantique.fr\/decart\/index.php?rest_route=%2Fwp%2Fv2%2Ftags&post=7034"}],"curies":[{"name":"wp","href":"https:\/\/api.w.org\/{rel}","templated":true}]}}