{"id":841,"date":"2026-08-20T11:30:12","date_gmt":"2026-08-20T09:30:12","guid":{"rendered":"https:\/\/hub.imt-atlantique.fr\/rak\/?p=841"},"modified":"2026-08-20T11:30:41","modified_gmt":"2026-08-20T09:30:41","slug":"recrute-un-cuisinier-cuisiniere-2","status":"publish","type":"post","link":"https:\/\/hub.imt-atlantique.fr\/rak\/?p=841&lang=en","title":{"rendered":"Recrute un cuisinier \/ Cuisini\u00e8re"},"content":{"rendered":"\n<figure class=\"wp-block-image size-full is-resized\"><img loading=\"lazy\" decoding=\"async\" width=\"874\" height=\"631\" src=\"https:\/\/hub.imt-atlantique.fr\/rak\/wp-content\/uploads\/2026\/08\/offre-demploi-1.png\" alt=\"\" class=\"wp-image-842\" style=\"aspect-ratio:1.3851109822979475;width:317px;height:auto\" role=\"none\" srcset=\"https:\/\/hub.imt-atlantique.fr\/rak\/wp-content\/uploads\/2026\/08\/offre-demploi-1.png 874w, https:\/\/hub.imt-atlantique.fr\/rak\/wp-content\/uploads\/2026\/08\/offre-demploi-1-300x217.png 300w, https:\/\/hub.imt-atlantique.fr\/rak\/wp-content\/uploads\/2026\/08\/offre-demploi-1-768x554.png 768w\" sizes=\"auto, (max-width: 874px) 100vw, 874px\" \/><\/figure>\n\n\n\n<p class=\"wp-block-paragraph\">En pr\u00e9paration d\u2019un d\u00e9part \u00e0 la retraite nous recrutons un(e) Cuisinier(e) confirm\u00e9(e) pour un contrat \u00e0 long terme<\/p>\n\n\n\n<p class=\"wp-block-paragraph\">En qualit\u00e9 de cuisinier h\/f, vous rejoignez l\u2019\u00e9quipe d\u2019un restaurant universitaire et contribuez \u00e0 la pr\u00e9paration de repas vari\u00e9s et de qualit\u00e9, servis principalement aux \u00e9tudiants ainsi qu\u2019aux salari\u00e9s des entreprises environnantes. Vous \u00e9voluez au sein d\u2019un \u00e9tablissement r\u00e9alisant un volume d\u2019activit\u00e9 important, avec environ 1 000 \u00e0 1 200 couverts servis le midi et 350 couverts le soir.<\/p>\n\n\n\n<p class=\"wp-block-paragraph\">Vos principales missions sont les suivantes:<br>\u2013 Vous \u00e9voluerez sous l\u2019autorit\u00e9 du chef de cuisine<br>\u2013 Pr\u00e9parer et cuisiner les plats dans le respect des fiches techniques et des normes d\u2019hygi\u00e8ne.<br>\u2013 Assurer la mise en place et le dressage des pr\u00e9parations chaudes.<br>\u2013 Participer au service des clients \u00e0 la rampe de self.<br>\u2013 Veiller au respect des r\u00e8gles d\u2019hygi\u00e8ne et de s\u00e9curit\u00e9 alimentaire (HACCP).<br>\u2013 Contr\u00f4ler la qualit\u00e9 et la tra\u00e7abilit\u00e9 des produits en lien avec le chef.<br>\u2013 Participez \u00e0 la plonge et au nettoyage complet de la cuisine.<br>NB: l\u2019\u00e9quipe est constitu\u00e9e d\u2019un chef, 3 cuisiniers et un commis de cuisine + 1 p\u00e2tissier<\/p>\n\n\n\n<p class=\"wp-block-paragraph\">Profil recherch\u00e9 :<br>\u2013 Vous \u00eates titulaire d\u2019un CAP\/BEP Cuisine ou d\u2019une formation \u00e9quivalente.<br>\u2013 Une premi\u00e8re exp\u00e9rience en restauration traditionnelle ou collective est indispensable.<br>\u2013 Vous ma\u00eetrisez les r\u00e8gles d\u2019hygi\u00e8ne alimentaire et les normes HACCP.<br>\u2013 Vous appr\u00e9ciez le travail en \u00e9quipe, faites preuve de rigueur, d\u2019organisation et d\u2019autonomie.<\/p>\n\n\n\n<p class=\"wp-block-paragraph\">Horaires de travail, cycle de 3 semaines :<br>\u2013 Semaines 1 et 2 : de 7 h 20 \u00e0 15 h 20,<br>\u2013 Semaine 3: de 12 h 00 \u00e0 21 h 00 (responsabilit\u00e9 du service du soir en autonomie)<\/p>\n\n\n\n<p class=\"wp-block-paragraph\">Travail du lundi au vendredi, aucun travail le week-end.<br>Horaires en continu, sans coupure.<\/p>\n\n\n\n<p class=\"wp-block-paragraph\">Prise de poste au 24\/08.<\/p>\n\n\n\n<p class=\"wp-block-paragraph\">Lieu de travail : 29 \u2013 PLOUZANE Technop\u00f4le<\/p>\n\n\n\n<p class=\"wp-block-paragraph\">Exp\u00e9rience : 1 An minimum<\/p>\n\n\n\n<p class=\"wp-block-paragraph\">Contrat en int\u00e9rim dans un 1er temps<\/p>\n\n\n\n<p class=\"wp-block-paragraph\">Horaire: 35H\/semaine, travail en journ\u00e9e<\/p>\n\n\n\n<p class=\"wp-block-paragraph\">Salaire : Horaire de 13.0 Euros brut<\/p>\n\n\n\n<p class=\"wp-block-paragraph\">Modalit\u00e9s de recrutement:<\/p>\n\n\n\n<p class=\"wp-block-paragraph\">Mode de contact : Envoyer votre CV par e-mail \u00e0:<br>jy.deniel@imt-atlantique.fr<br>ou t\u00e9l\u00e9phoner au 02 29 00 10 96 ou 07 83 67 54 09<\/p>\n","protected":false},"excerpt":{"rendered":"<p>En pr\u00e9paration d\u2019un d\u00e9part \u00e0 la retraite nous recrutons un(e) Cuisinier(e) confirm\u00e9(e) pour un contrat \u00e0 long terme En qualit\u00e9 de cuisinier h\/f, vous rejoignez l\u2019\u00e9quipe d\u2019un restaurant universitaire et contribuez \u00e0 la pr\u00e9paration de repas vari\u00e9s et de qualit\u00e9, servis principalement aux \u00e9tudiants ainsi qu\u2019aux salari\u00e9s des entreprises environnantes. Vous \u00e9voluez au sein d\u2019un [&hellip;]<\/p>\n","protected":false},"author":16,"featured_media":0,"comment_status":"open","ping_status":"open","sticky":false,"template":"","format":"standard","meta":{"_acf_changed":false,"footnotes":""},"categories":[1],"tags":[],"class_list":["post-841","post","type-post","status-publish","format-standard","hentry","category-non-classe"],"acf":[],"_links":{"self":[{"href":"https:\/\/hub.imt-atlantique.fr\/rak\/index.php?rest_route=\/wp\/v2\/posts\/841","targetHints":{"allow":["GET"]}}],"collection":[{"href":"https:\/\/hub.imt-atlantique.fr\/rak\/index.php?rest_route=\/wp\/v2\/posts"}],"about":[{"href":"https:\/\/hub.imt-atlantique.fr\/rak\/index.php?rest_route=\/wp\/v2\/types\/post"}],"author":[{"embeddable":true,"href":"https:\/\/hub.imt-atlantique.fr\/rak\/index.php?rest_route=\/wp\/v2\/users\/16"}],"replies":[{"embeddable":true,"href":"https:\/\/hub.imt-atlantique.fr\/rak\/index.php?rest_route=%2Fwp%2Fv2%2Fcomments&post=841"}],"version-history":[{"count":1,"href":"https:\/\/hub.imt-atlantique.fr\/rak\/index.php?rest_route=\/wp\/v2\/posts\/841\/revisions"}],"predecessor-version":[{"id":843,"href":"https:\/\/hub.imt-atlantique.fr\/rak\/index.php?rest_route=\/wp\/v2\/posts\/841\/revisions\/843"}],"wp:attachment":[{"href":"https:\/\/hub.imt-atlantique.fr\/rak\/index.php?rest_route=%2Fwp%2Fv2%2Fmedia&parent=841"}],"wp:term":[{"taxonomy":"category","embeddable":true,"href":"https:\/\/hub.imt-atlantique.fr\/rak\/index.php?rest_route=%2Fwp%2Fv2%2Fcategories&post=841"},{"taxonomy":"post_tag","embeddable":true,"href":"https:\/\/hub.imt-atlantique.fr\/rak\/index.php?rest_route=%2Fwp%2Fv2%2Ftags&post=841"}],"curies":[{"name":"wp","href":"https:\/\/api.w.org\/{rel}","templated":true}]}}